{"id":670,"date":"2025-12-16T10:05:06","date_gmt":"2025-12-16T09:05:06","guid":{"rendered":"https:\/\/infopointmottola.com\/?p=670"},"modified":"2025-12-19T20:58:24","modified_gmt":"2025-12-19T19:58:24","slug":"festa-patronale-di-san-tommaso-becket","status":"publish","type":"post","link":"https:\/\/infopointmottola.com\/de\/fede-e-religione\/festa-patronale-di-san-tommaso-becket\/","title":{"rendered":"Festa Patronale di San Tommaso Becket"},"content":{"rendered":"\n<p>La comunit\u00e0 di Mottola celebra con devozione la <strong>Festa di San Tommaso Becket<\/strong>, santo particolarmente caro alla tradizione religiosa locale e simbolo di fede, coraggio e testimonianza cristiana. La ricorrenza rappresenta un momento di profonda spiritualit\u00e0 e partecipazione collettiva, in cui il paese si raccoglie attorno ai valori della tradizione e della memoria storica.<\/p>\n\n\n\n<p>I festeggiamenti prendono avvio con <strong>celebrazioni liturgiche, novene e momenti di preghiera<\/strong>, che preparano i fedeli al giorno solenne dedicato al Santo. La chiesa a lui intitolata diventa il centro della vita religiosa, accogliendo devoti, famiglie e visitatori in un clima di raccoglimento e condivisione.<\/p>\n\n\n\n<h3 class=\"wp-block-heading\"><strong>La processione e il legame con il territorio<\/strong><\/h3>\n\n\n\n<p>Il momento pi\u00f9 significativo della festa \u00e8 la <strong>processione di San Tommaso Becket<\/strong>, durante la quale la statua del Santo viene portata per le vie di Mottola, accompagnata da confraternite, fedeli e autorit\u00e0 religiose e civili. Il passaggio del Santo \u00e8 accolto con preghiere, canti e segni di devozione popolare, in un percorso che rafforza il legame tra fede, storia e territorio.<\/p>\n\n\n\n<p>Questa processione rappresenta un rito identitario, capace di rinnovare ogni anno il senso di appartenenza della comunit\u00e0 mottolese e di mantenere viva una tradizione tramandata nel tempo.<\/p>\n\n\n\n<h3 class=\"wp-block-heading\"><strong>Tradizione, festa e partecipazione<\/strong><\/h3>\n\n\n\n<p>Accanto agli aspetti religiosi, la festa assume anche un carattere popolare e comunitario. Le strade si animano con <strong>luminarie, musica, eventi collaterali e momenti di socialit\u00e0<\/strong>, offrendo occasioni di incontro e condivisione tra cittadini e visitatori. Non mancano i richiami alla <strong>tradizione gastronomica locale<\/strong>, che arricchiscono l\u2019atmosfera festosa.<\/p>\n\n\n\n<p>La <strong>Festa di San Tommaso Becket a Mottola<\/strong> \u00e8 un appuntamento che unisce spiritualit\u00e0, storia e cultura popolare, rappresentando un patrimonio prezioso per la comunit\u00e0 e un\u2019occasione per riscoprire le radici e i valori che da secoli ne caratterizzano l\u2019identit\u00e0.lude con la celebrazione liturgica e i tradizionali fuochi pirotecnici, che salutano il patrono in un clima di gioia e devozione.<\/p>\n","protected":false},"excerpt":{"rendered":"<p>La comunit\u00e0 di Mottola celebra con devozione la Festa di San Tommaso Becket, santo particolarmente caro alla tradizione religiosa locale e simbolo di fede, coraggio e testimonianza cristiana. La ricorrenza rappresenta un momento di profonda spiritualit\u00e0 e partecipazione collettiva, in cui il paese si raccoglie attorno ai valori della tradizione e della memoria storica. I [&hellip;]<\/p>\n","protected":false},"author":1,"featured_media":871,"comment_status":"closed","ping_status":"open","sticky":false,"template":"","format":"standard","meta":{"_acf_changed":false,"footnotes":""},"categories":[13],"tags":[],"class_list":["post-670","post","type-post","status-publish","format-standard","has-post-thumbnail","hentry","category-fede-e-religione"],"mb":[],"acf":[],"mfb_rest_fields":["title"],"_links":{"self":[{"href":"https:\/\/infopointmottola.com\/de\/wp-json\/wp\/v2\/posts\/670","targetHints":{"allow":["GET"]}}],"collection":[{"href":"https:\/\/infopointmottola.com\/de\/wp-json\/wp\/v2\/posts"}],"about":[{"href":"https:\/\/infopointmottola.com\/de\/wp-json\/wp\/v2\/types\/post"}],"author":[{"embeddable":true,"href":"https:\/\/infopointmottola.com\/de\/wp-json\/wp\/v2\/users\/1"}],"replies":[{"embeddable":true,"href":"https:\/\/infopointmottola.com\/de\/wp-json\/wp\/v2\/comments?post=670"}],"version-history":[{"count":2,"href":"https:\/\/infopointmottola.com\/de\/wp-json\/wp\/v2\/posts\/670\/revisions"}],"predecessor-version":[{"id":914,"href":"https:\/\/infopointmottola.com\/de\/wp-json\/wp\/v2\/posts\/670\/revisions\/914"}],"wp:featuredmedia":[{"embeddable":true,"href":"https:\/\/infopointmottola.com\/de\/wp-json\/wp\/v2\/media\/871"}],"wp:attachment":[{"href":"https:\/\/infopointmottola.com\/de\/wp-json\/wp\/v2\/media?parent=670"}],"wp:term":[{"taxonomy":"category","embeddable":true,"href":"https:\/\/infopointmottola.com\/de\/wp-json\/wp\/v2\/categories?post=670"},{"taxonomy":"post_tag","embeddable":true,"href":"https:\/\/infopointmottola.com\/de\/wp-json\/wp\/v2\/tags?post=670"}],"curies":[{"name":"wp","href":"https:\/\/api.w.org\/{rel}","templated":true}]}}