{"id":895,"date":"2025-12-19T20:43:36","date_gmt":"2025-12-19T19:43:36","guid":{"rendered":"https:\/\/infopointmottola.com\/?p=895"},"modified":"2025-12-19T20:55:20","modified_gmt":"2025-12-19T19:55:20","slug":"festa-della-beata-vergine-del-carmelo","status":"publish","type":"post","link":"https:\/\/infopointmottola.com\/en\/fede-e-religione\/festa-della-beata-vergine-del-carmelo\/","title":{"rendered":"Festa della Beata Vergine del Carmelo"},"content":{"rendered":"\n<p>compatrona della citt\u00e0 di Mottola<\/p>\n\n\n\n<p><\/p>\n\n\n\n<p>Ogni anno Mottola rinnova con profonda devozione la celebrazione della <strong>Festa della Beata Vergine del Carmelo<\/strong>, uno degli appuntamenti religiosi pi\u00f9 sentiti dalla comunit\u00e0 locale. La ricorrenza, che si svolge tradizionalmente nel mese di <strong>luglio<\/strong>, rappresenta un momento di intensa spiritualit\u00e0, fede popolare e partecipazione collettiva, capace di coinvolgere intere famiglie e generazioni.<\/p>\n\n\n\n<p>I festeggiamenti hanno inizio con le <strong>celebrazioni liturgiche<\/strong>, novene e momenti di preghiera che preparano i fedeli al giorno solenne dedicato alla Madonna del Carmelo, figura profondamente legata alla protezione, alla speranza e alla devozione mariana. Il centro della vita religiosa \u00e8 la chiesa di riferimento, che diventa luogo di raccoglimento e di incontro per tutta la comunit\u00e0.<\/p>\n\n\n\n<h3 class=\"wp-block-heading\"><strong>La processione e la devozione popolare<\/strong><\/h3>\n\n\n\n<p>Il momento pi\u00f9 atteso della festa \u00e8 la <strong>processione della statua della Beata Vergine del Carmelo<\/strong>, che attraversa le vie del paese accompagnata da fedeli, confraternite, autorit\u00e0 religiose e civili. Le strade si riempiono di luci, addobbi e fiori, mentre il passaggio della Madonna \u00e8 salutato da preghiere, canti e segni di devozione sincera. La processione rappresenta un forte legame tra fede e territorio, un rito che unisce spiritualit\u00e0 e identit\u00e0 locale.<\/p>\n\n\n\n<h3 class=\"wp-block-heading\"><strong>Festa, tradizione e comunit\u00e0<\/strong><\/h3>\n\n\n\n<p>Accanto agli aspetti religiosi, la festa assume anche un carattere popolare e conviviale. Le serate sono animate da <strong>musica, spettacoli, luminarie artistiche e bancarelle<\/strong>, creando un\u2019atmosfera di gioia e condivisione che coinvolge residenti e visitatori. Non mancano i profumi della <strong>cucina tradizionale<\/strong> e i momenti di socialit\u00e0 che trasformano il paese in un luogo di incontro e festa.<\/p>\n\n\n\n<p>La <strong>Festa della Beata Vergine del Carmelo a Mottola<\/strong> non \u00e8 solo una celebrazione religiosa, ma un\u2019occasione per riscoprire le proprie radici, rafforzare il senso di appartenenza e tramandare una tradizione che continua a vivere nel cuore della comunit\u00e0.n la celebrazione liturgica e i tradizionali fuochi pirotecnici, che salutano il patrono in un clima di gioia e devozione.<\/p>\n","protected":false},"excerpt":{"rendered":"<p>compatrona della citt\u00e0 di Mottola Ogni anno Mottola rinnova con profonda devozione la celebrazione della Festa della Beata Vergine del Carmelo, uno degli appuntamenti religiosi pi\u00f9 sentiti dalla comunit\u00e0 locale. La ricorrenza, che si svolge tradizionalmente nel mese di luglio, rappresenta un momento di intensa spiritualit\u00e0, fede popolare e partecipazione collettiva, capace di coinvolgere intere [&hellip;]<\/p>\n","protected":false},"author":2,"featured_media":899,"comment_status":"closed","ping_status":"open","sticky":false,"template":"","format":"standard","meta":{"_acf_changed":false,"footnotes":""},"categories":[13],"tags":[],"class_list":["post-895","post","type-post","status-publish","format-standard","has-post-thumbnail","hentry","category-fede-e-religione"],"mb":[],"acf":[],"mfb_rest_fields":["title"],"_links":{"self":[{"href":"https:\/\/infopointmottola.com\/en\/wp-json\/wp\/v2\/posts\/895","targetHints":{"allow":["GET"]}}],"collection":[{"href":"https:\/\/infopointmottola.com\/en\/wp-json\/wp\/v2\/posts"}],"about":[{"href":"https:\/\/infopointmottola.com\/en\/wp-json\/wp\/v2\/types\/post"}],"author":[{"embeddable":true,"href":"https:\/\/infopointmottola.com\/en\/wp-json\/wp\/v2\/users\/2"}],"replies":[{"embeddable":true,"href":"https:\/\/infopointmottola.com\/en\/wp-json\/wp\/v2\/comments?post=895"}],"version-history":[{"count":2,"href":"https:\/\/infopointmottola.com\/en\/wp-json\/wp\/v2\/posts\/895\/revisions"}],"predecessor-version":[{"id":912,"href":"https:\/\/infopointmottola.com\/en\/wp-json\/wp\/v2\/posts\/895\/revisions\/912"}],"wp:featuredmedia":[{"embeddable":true,"href":"https:\/\/infopointmottola.com\/en\/wp-json\/wp\/v2\/media\/899"}],"wp:attachment":[{"href":"https:\/\/infopointmottola.com\/en\/wp-json\/wp\/v2\/media?parent=895"}],"wp:term":[{"taxonomy":"category","embeddable":true,"href":"https:\/\/infopointmottola.com\/en\/wp-json\/wp\/v2\/categories?post=895"},{"taxonomy":"post_tag","embeddable":true,"href":"https:\/\/infopointmottola.com\/en\/wp-json\/wp\/v2\/tags?post=895"}],"curies":[{"name":"wp","href":"https:\/\/api.w.org\/{rel}","templated":true}]}}